{"id":102502,"date":"2025-02-27T18:55:44","date_gmt":"2025-02-27T17:55:44","guid":{"rendered":"https:\/\/peletizadoras.net\/sin-categoria\/curso-peletizado-cuba-posgrado-fin-proyecto\/"},"modified":"2025-09-22T12:20:58","modified_gmt":"2025-09-22T10:20:58","slug":"curso-peletizado-cuba-posgrado-fin-proyecto","status":"publish","type":"post","link":"https:\/\/peletizadoras.net\/es-ar\/corporativas\/curso-peletizado-cuba-posgrado-fin-proyecto\/","title":{"rendered":"Formaci\u00f3n Peletizado en Cuba &#8211; Curso Posgrado y Acto Fin de Proyecto"},"content":{"rendered":"\n<p>La <strong>C\u00e1tedra UNESCO \u201cMedio Ambiente y Desarrollo\u201d<\/strong> del <strong>InSTEC\/Universidad de La Habana<\/strong>, de conjunto con la <strong>Universidad de Zaragoza, Espa\u00f1a y Cubaenerg\u00eda<\/strong> (que pertenece al Ministerio de Cienca, Tecnolog\u00eda y Medio Ambiente de Cuba (CITMA)), han convocado el curso de posgrado <strong>\u201cFundamentos te\u00f3ricos y pr\u00e1cticos para la implementaci\u00f3n de tecnolog\u00edas energ\u00e9ticas base biomasa s\u00f3lida apropiadas para Cuba\u201d<\/strong> el cual se enmarca en el proyecto <em>AECID \u201cValorizaci\u00f3n energ\u00e9tica de biomasa residual le\u00f1osa en industrias agroalimentarias y de productos bionaturales (MOR- e)\u201d<\/em> (Referencia 2022\/ACDE\/000069), como parte de sus actividades de formaci\u00f3n y capacitaci\u00f3n.<\/p>\n\n\n\n<p>Estas actividades est\u00e1n orientadas a favorecer el proceso de transferencia de conocimiento y a la mejora de las competencias profesionales, as\u00ed\u0301 como las de sensibilizaci\u00f3n y difusi\u00f3n de las soluciones innovadoras implementadas y otras potenciales, que favorezcan la sostenibilidad del proyecto y su replicabilidad.<\/p>\n\n\n\n<p>Con el objetivo de <em>conocer de manera te\u00f3rica y pr\u00e1ctica el funcionamiento de instalaciones que transforman residuos s\u00f3lidos de biomasa en biocombustibles<\/em>, se impartieron temas como teor\u00eda general y descripci\u00f3n del proceso de peletizado, detallando procesos previos de adecuaci\u00f3n del material como el astillado y el secado, de la mano de Luis Pacheco, gerente de Ecofricalia.<\/p>\n\n\n\n<p>En este curso han participado ingenieros, profesores universitarios, investigadores de esta tem\u00e1tica y especialistas vinculados con la explotaci\u00f3n y mantenimiento de instalaciones energ\u00e9ticas para la producci\u00f3n de calor y electricidad en la industria y los servicios.<\/p>\n\n\n\n<p>Las clases presenciales y las actividades practicas del curso se han desarrollado en La Habana, en el aula y en el Pol\u00edgono de Biomasa de Cubaenerg\u00eda respectivamente, del 3 al 7 de febrero del 2025.<\/p>\n\n\n\n<p>El proyecto ha culminado con esta jornada de formaci\u00f3n y una <strong>demostraci\u00f3n de la puesta en marcha de la planta de pellets instalada<\/strong>, mostrando la calidad de la maquinaria y de los pellets obtenidos por el operario.<\/p>\n\n\n\n<p>Este proyecto <strong>ha sido un \u00e9xito gracias a que todos los organismos y empresas involucradas<\/strong> en la log\u00edstica y en la organizaci\u00f3n del mismo, han aportado su grano de arena con la mayor profesionalidad posible para que as\u00ed sea.<\/p>\n\n\n\n<p>Ha sido un verdadero placer coincidir con personas con un alto nivel de humanidad y profesionalidad y con gran inter\u00e9s y compromiso en cambiar el sistema energ\u00e9tico de Cuba, para que sean soberanos y autosuficientes energ\u00e9ticamente, mejorando as\u00ed la calidad de vida de sus habitantes.<\/p>\n\n\n\n<p>En el acto de fin de proyecto, los representantes de cada instituci\u00f3n agradecieron la participaci\u00f3n y disposici\u00f3n de las personas involucradas y los resultados obtenidos. Con el \u00e9xito de este proyecto, se han creado oportunidades de colaboraci\u00f3n para otros proyectos en un futuro cercano.<\/p>\n","protected":false},"excerpt":{"rendered":"<p>La C\u00e1tedra UNESCO \u201cMedio Ambiente y Desarrollo\u201d del InSTEC\/Universidad de La Habana, de conjunto con la Universidad de Zaragoza, Espa\u00f1a y Cubaenerg\u00eda (que pertenece al Ministerio de Cienca, Tecnolog\u00eda y Medio Ambiente de Cuba (CITMA)), han convocado el curso de posgrado \u201cFundamentos te\u00f3ricos y pr\u00e1cticos para la implementaci\u00f3n de tecnolog\u00edas energ\u00e9ticas base biomasa s\u00f3lida apropiadas [&hellip;]<\/p>\n","protected":false},"author":2,"featured_media":102012,"comment_status":"open","ping_status":"open","sticky":false,"template":"","format":"standard","meta":{"_et_pb_use_builder":"off","_et_pb_old_content":"","_et_gb_content_width":"","footnotes":""},"categories":[115],"tags":[],"class_list":["post-102502","post","type-post","status-publish","format-standard","has-post-thumbnail","hentry","category-corporativas"],"yoast_head":"<!-- This site is optimized with the Yoast SEO plugin v27.4 - https:\/\/yoast.com\/product\/yoast-seo-wordpress\/ -->\n<title>Curso de Peletizado en Cuba: Formaci\u00f3n Posgrado y Proyecto Biomasa 2025<\/title>\n<meta name=\"description\" content=\"Participa en el curso de posgrado sobre tecnolog\u00edas de biomasa s\u00f3lida en Cuba, con apoyo de instituciones cubanas y espa\u00f1olas. Formaci\u00f3n te\u00f3rica y pr\u00e1ctica, del 3 al 7 de febrero de 2025\" \/>\n<meta name=\"robots\" content=\"index, follow, max-snippet:-1, max-image-preview:large, max-video-preview:-1\" \/>\n<link rel=\"canonical\" href=\"https:\/\/peletizadoras.net\/es-ar\/corporativas\/curso-peletizado-cuba-posgrado-fin-proyecto\/\" \/>\n<meta property=\"og:locale\" content=\"es_ES\" \/>\n<meta property=\"og:type\" content=\"article\" \/>\n<meta property=\"og:title\" content=\"Curso de Peletizado en Cuba: Formaci\u00f3n Posgrado y Proyecto Biomasa 2025\" \/>\n<meta property=\"og:description\" content=\"Participa en el curso de posgrado sobre tecnolog\u00edas de biomasa s\u00f3lida en Cuba, con apoyo de instituciones cubanas y espa\u00f1olas. Formaci\u00f3n te\u00f3rica y pr\u00e1ctica, del 3 al 7 de febrero de 2025\" \/>\n<meta property=\"og:url\" content=\"https:\/\/peletizadoras.net\/es-ar\/corporativas\/curso-peletizado-cuba-posgrado-fin-proyecto\/\" \/>\n<meta property=\"og:site_name\" content=\"Ecofricalia. Soluciones Integrales para la Producci\u00f3n de Pellet\" \/>\n<meta property=\"article:publisher\" content=\"https:\/\/www.facebook.com\/EcofricaliaSostenible\" \/>\n<meta property=\"article:published_time\" content=\"2025-02-27T17:55:44+00:00\" \/>\n<meta property=\"article:modified_time\" content=\"2025-09-22T10:20:58+00:00\" \/>\n<meta property=\"og:image\" content=\"https:\/\/peletizadoras.net\/wp-content\/uploads\/2025\/02\/curso-peletizado-cuba-ecofricalia.jpg\" \/>\n\t<meta property=\"og:image:width\" content=\"1200\" \/>\n\t<meta property=\"og:image:height\" content=\"675\" \/>\n\t<meta property=\"og:image:type\" content=\"image\/jpeg\" \/>\n<meta name=\"author\" content=\"Ecofricalia\" \/>\n<meta name=\"twitter:card\" content=\"summary_large_image\" \/>\n<meta name=\"twitter:creator\" content=\"@_ecofricalia\" \/>\n<meta name=\"twitter:site\" content=\"@_ecofricalia\" \/>\n<meta name=\"twitter:label1\" content=\"Escrito por\" \/>\n\t<meta name=\"twitter:data1\" content=\"Ecofricalia\" \/>\n\t<meta name=\"twitter:label2\" content=\"Tiempo de lectura\" \/>\n\t<meta name=\"twitter:data2\" content=\"2 minutos\" \/>\n<script type=\"application\/ld+json\" class=\"yoast-schema-graph\">{\"@context\":\"https:\\\/\\\/schema.org\",\"@graph\":[{\"@type\":\"Article\",\"@id\":\"https:\\\/\\\/peletizadoras.net\\\/es-ar\\\/corporativas\\\/curso-peletizado-cuba-posgrado-fin-proyecto\\\/#article\",\"isPartOf\":{\"@id\":\"https:\\\/\\\/peletizadoras.net\\\/es-ar\\\/corporativas\\\/curso-peletizado-cuba-posgrado-fin-proyecto\\\/\"},\"author\":{\"name\":\"Ecofricalia\",\"@id\":\"https:\\\/\\\/peletizadoras.net\\\/es-ar\\\/#\\\/schema\\\/person\\\/a120464a97b70f20e3b82c878f7af40c\"},\"headline\":\"Formaci\u00f3n Peletizado en Cuba &#8211; Curso Posgrado y Acto Fin de Proyecto\",\"datePublished\":\"2025-02-27T17:55:44+00:00\",\"dateModified\":\"2025-09-22T10:20:58+00:00\",\"mainEntityOfPage\":{\"@id\":\"https:\\\/\\\/peletizadoras.net\\\/es-ar\\\/corporativas\\\/curso-peletizado-cuba-posgrado-fin-proyecto\\\/\"},\"wordCount\":479,\"commentCount\":0,\"publisher\":{\"@id\":\"https:\\\/\\\/peletizadoras.net\\\/es-ar\\\/#organization\"},\"image\":{\"@id\":\"https:\\\/\\\/peletizadoras.net\\\/es-ar\\\/corporativas\\\/curso-peletizado-cuba-posgrado-fin-proyecto\\\/#primaryimage\"},\"thumbnailUrl\":\"https:\\\/\\\/peletizadoras.net\\\/wp-content\\\/uploads\\\/2025\\\/02\\\/curso-peletizado-cuba-ecofricalia.jpg\",\"articleSection\":[\"CORPORATIVAS\"],\"inLanguage\":\"es-AR\",\"potentialAction\":[{\"@type\":\"CommentAction\",\"name\":\"Comment\",\"target\":[\"https:\\\/\\\/peletizadoras.net\\\/es-ar\\\/corporativas\\\/curso-peletizado-cuba-posgrado-fin-proyecto\\\/#respond\"]}]},{\"@type\":\"WebPage\",\"@id\":\"https:\\\/\\\/peletizadoras.net\\\/es-ar\\\/corporativas\\\/curso-peletizado-cuba-posgrado-fin-proyecto\\\/\",\"url\":\"https:\\\/\\\/peletizadoras.net\\\/es-ar\\\/corporativas\\\/curso-peletizado-cuba-posgrado-fin-proyecto\\\/\",\"name\":\"Curso de Peletizado en Cuba: Formaci\u00f3n Posgrado y Proyecto Biomasa 2025\",\"isPartOf\":{\"@id\":\"https:\\\/\\\/peletizadoras.net\\\/es-ar\\\/#website\"},\"primaryImageOfPage\":{\"@id\":\"https:\\\/\\\/peletizadoras.net\\\/es-ar\\\/corporativas\\\/curso-peletizado-cuba-posgrado-fin-proyecto\\\/#primaryimage\"},\"image\":{\"@id\":\"https:\\\/\\\/peletizadoras.net\\\/es-ar\\\/corporativas\\\/curso-peletizado-cuba-posgrado-fin-proyecto\\\/#primaryimage\"},\"thumbnailUrl\":\"https:\\\/\\\/peletizadoras.net\\\/wp-content\\\/uploads\\\/2025\\\/02\\\/curso-peletizado-cuba-ecofricalia.jpg\",\"datePublished\":\"2025-02-27T17:55:44+00:00\",\"dateModified\":\"2025-09-22T10:20:58+00:00\",\"description\":\"Participa en el curso de posgrado sobre tecnolog\u00edas de biomasa s\u00f3lida en Cuba, con apoyo de instituciones cubanas y espa\u00f1olas. Formaci\u00f3n te\u00f3rica y pr\u00e1ctica, del 3 al 7 de febrero de 2025\",\"breadcrumb\":{\"@id\":\"https:\\\/\\\/peletizadoras.net\\\/es-ar\\\/corporativas\\\/curso-peletizado-cuba-posgrado-fin-proyecto\\\/#breadcrumb\"},\"inLanguage\":\"es-AR\",\"potentialAction\":[{\"@type\":\"ReadAction\",\"target\":[\"https:\\\/\\\/peletizadoras.net\\\/es-ar\\\/corporativas\\\/curso-peletizado-cuba-posgrado-fin-proyecto\\\/\"]}]},{\"@type\":\"ImageObject\",\"inLanguage\":\"es-AR\",\"@id\":\"https:\\\/\\\/peletizadoras.net\\\/es-ar\\\/corporativas\\\/curso-peletizado-cuba-posgrado-fin-proyecto\\\/#primaryimage\",\"url\":\"https:\\\/\\\/peletizadoras.net\\\/wp-content\\\/uploads\\\/2025\\\/02\\\/curso-peletizado-cuba-ecofricalia.jpg\",\"contentUrl\":\"https:\\\/\\\/peletizadoras.net\\\/wp-content\\\/uploads\\\/2025\\\/02\\\/curso-peletizado-cuba-ecofricalia.jpg\",\"width\":1200,\"height\":675,\"caption\":\"Participantes en el curso de peletizado en Cuba aprendiendo sobre valorizaci\u00f3n energ\u00e9tica de biomasa\"},{\"@type\":\"BreadcrumbList\",\"@id\":\"https:\\\/\\\/peletizadoras.net\\\/es-ar\\\/corporativas\\\/curso-peletizado-cuba-posgrado-fin-proyecto\\\/#breadcrumb\",\"itemListElement\":[{\"@type\":\"ListItem\",\"position\":1,\"name\":\"Portada\",\"item\":\"https:\\\/\\\/peletizadoras.net\\\/es-ar\\\/pagina-de-inicio\\\/\"},{\"@type\":\"ListItem\",\"position\":2,\"name\":\"Formaci\u00f3n Peletizado en Cuba &#8211; Curso Posgrado y Acto Fin de Proyecto\"}]},{\"@type\":\"WebSite\",\"@id\":\"https:\\\/\\\/peletizadoras.net\\\/es-ar\\\/#website\",\"url\":\"https:\\\/\\\/peletizadoras.net\\\/es-ar\\\/\",\"name\":\"Ecofricalia. Soluciones Integrales para la Producci\u00f3n de Pellet\",\"description\":\"Plantas y L\u00edneas industriales de peletizaci\u00f3n y m\u00e1quinas de fabricaci\u00f3n de pellet\",\"publisher\":{\"@id\":\"https:\\\/\\\/peletizadoras.net\\\/es-ar\\\/#organization\"},\"potentialAction\":[{\"@type\":\"SearchAction\",\"target\":{\"@type\":\"EntryPoint\",\"urlTemplate\":\"https:\\\/\\\/peletizadoras.net\\\/es-ar\\\/?s={search_term_string}\"},\"query-input\":{\"@type\":\"PropertyValueSpecification\",\"valueRequired\":true,\"valueName\":\"search_term_string\"}}],\"inLanguage\":\"es-AR\"},{\"@type\":\"Organization\",\"@id\":\"https:\\\/\\\/peletizadoras.net\\\/es-ar\\\/#organization\",\"name\":\"Ecofricalia. Soluciones Integrales para la Producci\u00f3n de Pellet\",\"url\":\"https:\\\/\\\/peletizadoras.net\\\/es-ar\\\/\",\"logo\":{\"@type\":\"ImageObject\",\"inLanguage\":\"es-AR\",\"@id\":\"https:\\\/\\\/peletizadoras.net\\\/es-ar\\\/#\\\/schema\\\/logo\\\/image\\\/\",\"url\":\"https:\\\/\\\/peletizadoras.net\\\/wp-content\\\/uploads\\\/2025\\\/05\\\/logo-ecofricalia-tapasweb.png\",\"contentUrl\":\"https:\\\/\\\/peletizadoras.net\\\/wp-content\\\/uploads\\\/2025\\\/05\\\/logo-ecofricalia-tapasweb.png\",\"width\":881,\"height\":418,\"caption\":\"Ecofricalia. Soluciones Integrales para la Producci\u00f3n de Pellet\"},\"image\":{\"@id\":\"https:\\\/\\\/peletizadoras.net\\\/es-ar\\\/#\\\/schema\\\/logo\\\/image\\\/\"},\"sameAs\":[\"https:\\\/\\\/www.facebook.com\\\/EcofricaliaSostenible\",\"https:\\\/\\\/x.com\\\/_ecofricalia\",\"https:\\\/\\\/www.youtube.com\\\/channel\\\/UCCvdG5pWUGvH4G5wP8TXuPw\",\"https:\\\/\\\/www.instagram.com\\\/ecofricalia_sostenible\\\/\"]},{\"@type\":\"Person\",\"@id\":\"https:\\\/\\\/peletizadoras.net\\\/es-ar\\\/#\\\/schema\\\/person\\\/a120464a97b70f20e3b82c878f7af40c\",\"name\":\"Ecofricalia\",\"url\":\"https:\\\/\\\/peletizadoras.net\\\/es-ar\\\/author\\\/ecofricalia\\\/\"}]}<\/script>\n<!-- \/ Yoast SEO plugin. -->","yoast_head_json":{"title":"Curso de Peletizado en Cuba: Formaci\u00f3n Posgrado y Proyecto Biomasa 2025","description":"Participa en el curso de posgrado sobre tecnolog\u00edas de biomasa s\u00f3lida en Cuba, con apoyo de instituciones cubanas y espa\u00f1olas. Formaci\u00f3n te\u00f3rica y pr\u00e1ctica, del 3 al 7 de febrero de 2025","robots":{"index":"index","follow":"follow","max-snippet":"max-snippet:-1","max-image-preview":"max-image-preview:large","max-video-preview":"max-video-preview:-1"},"canonical":"https:\/\/peletizadoras.net\/es-ar\/corporativas\/curso-peletizado-cuba-posgrado-fin-proyecto\/","og_locale":"es_ES","og_type":"article","og_title":"Curso de Peletizado en Cuba: Formaci\u00f3n Posgrado y Proyecto Biomasa 2025","og_description":"Participa en el curso de posgrado sobre tecnolog\u00edas de biomasa s\u00f3lida en Cuba, con apoyo de instituciones cubanas y espa\u00f1olas. Formaci\u00f3n te\u00f3rica y pr\u00e1ctica, del 3 al 7 de febrero de 2025","og_url":"https:\/\/peletizadoras.net\/es-ar\/corporativas\/curso-peletizado-cuba-posgrado-fin-proyecto\/","og_site_name":"Ecofricalia. Soluciones Integrales para la Producci\u00f3n de Pellet","article_publisher":"https:\/\/www.facebook.com\/EcofricaliaSostenible","article_published_time":"2025-02-27T17:55:44+00:00","article_modified_time":"2025-09-22T10:20:58+00:00","og_image":[{"width":1200,"height":675,"url":"https:\/\/peletizadoras.net\/wp-content\/uploads\/2025\/02\/curso-peletizado-cuba-ecofricalia.jpg","type":"image\/jpeg"}],"author":"Ecofricalia","twitter_card":"summary_large_image","twitter_creator":"@_ecofricalia","twitter_site":"@_ecofricalia","twitter_misc":{"Escrito por":"Ecofricalia","Tiempo de lectura":"2 minutos"},"schema":{"@context":"https:\/\/schema.org","@graph":[{"@type":"Article","@id":"https:\/\/peletizadoras.net\/es-ar\/corporativas\/curso-peletizado-cuba-posgrado-fin-proyecto\/#article","isPartOf":{"@id":"https:\/\/peletizadoras.net\/es-ar\/corporativas\/curso-peletizado-cuba-posgrado-fin-proyecto\/"},"author":{"name":"Ecofricalia","@id":"https:\/\/peletizadoras.net\/es-ar\/#\/schema\/person\/a120464a97b70f20e3b82c878f7af40c"},"headline":"Formaci\u00f3n Peletizado en Cuba &#8211; Curso Posgrado y Acto Fin de Proyecto","datePublished":"2025-02-27T17:55:44+00:00","dateModified":"2025-09-22T10:20:58+00:00","mainEntityOfPage":{"@id":"https:\/\/peletizadoras.net\/es-ar\/corporativas\/curso-peletizado-cuba-posgrado-fin-proyecto\/"},"wordCount":479,"commentCount":0,"publisher":{"@id":"https:\/\/peletizadoras.net\/es-ar\/#organization"},"image":{"@id":"https:\/\/peletizadoras.net\/es-ar\/corporativas\/curso-peletizado-cuba-posgrado-fin-proyecto\/#primaryimage"},"thumbnailUrl":"https:\/\/peletizadoras.net\/wp-content\/uploads\/2025\/02\/curso-peletizado-cuba-ecofricalia.jpg","articleSection":["CORPORATIVAS"],"inLanguage":"es-AR","potentialAction":[{"@type":"CommentAction","name":"Comment","target":["https:\/\/peletizadoras.net\/es-ar\/corporativas\/curso-peletizado-cuba-posgrado-fin-proyecto\/#respond"]}]},{"@type":"WebPage","@id":"https:\/\/peletizadoras.net\/es-ar\/corporativas\/curso-peletizado-cuba-posgrado-fin-proyecto\/","url":"https:\/\/peletizadoras.net\/es-ar\/corporativas\/curso-peletizado-cuba-posgrado-fin-proyecto\/","name":"Curso de Peletizado en Cuba: Formaci\u00f3n Posgrado y Proyecto Biomasa 2025","isPartOf":{"@id":"https:\/\/peletizadoras.net\/es-ar\/#website"},"primaryImageOfPage":{"@id":"https:\/\/peletizadoras.net\/es-ar\/corporativas\/curso-peletizado-cuba-posgrado-fin-proyecto\/#primaryimage"},"image":{"@id":"https:\/\/peletizadoras.net\/es-ar\/corporativas\/curso-peletizado-cuba-posgrado-fin-proyecto\/#primaryimage"},"thumbnailUrl":"https:\/\/peletizadoras.net\/wp-content\/uploads\/2025\/02\/curso-peletizado-cuba-ecofricalia.jpg","datePublished":"2025-02-27T17:55:44+00:00","dateModified":"2025-09-22T10:20:58+00:00","description":"Participa en el curso de posgrado sobre tecnolog\u00edas de biomasa s\u00f3lida en Cuba, con apoyo de instituciones cubanas y espa\u00f1olas. Formaci\u00f3n te\u00f3rica y pr\u00e1ctica, del 3 al 7 de febrero de 2025","breadcrumb":{"@id":"https:\/\/peletizadoras.net\/es-ar\/corporativas\/curso-peletizado-cuba-posgrado-fin-proyecto\/#breadcrumb"},"inLanguage":"es-AR","potentialAction":[{"@type":"ReadAction","target":["https:\/\/peletizadoras.net\/es-ar\/corporativas\/curso-peletizado-cuba-posgrado-fin-proyecto\/"]}]},{"@type":"ImageObject","inLanguage":"es-AR","@id":"https:\/\/peletizadoras.net\/es-ar\/corporativas\/curso-peletizado-cuba-posgrado-fin-proyecto\/#primaryimage","url":"https:\/\/peletizadoras.net\/wp-content\/uploads\/2025\/02\/curso-peletizado-cuba-ecofricalia.jpg","contentUrl":"https:\/\/peletizadoras.net\/wp-content\/uploads\/2025\/02\/curso-peletizado-cuba-ecofricalia.jpg","width":1200,"height":675,"caption":"Participantes en el curso de peletizado en Cuba aprendiendo sobre valorizaci\u00f3n energ\u00e9tica de biomasa"},{"@type":"BreadcrumbList","@id":"https:\/\/peletizadoras.net\/es-ar\/corporativas\/curso-peletizado-cuba-posgrado-fin-proyecto\/#breadcrumb","itemListElement":[{"@type":"ListItem","position":1,"name":"Portada","item":"https:\/\/peletizadoras.net\/es-ar\/pagina-de-inicio\/"},{"@type":"ListItem","position":2,"name":"Formaci\u00f3n Peletizado en Cuba &#8211; Curso Posgrado y Acto Fin de Proyecto"}]},{"@type":"WebSite","@id":"https:\/\/peletizadoras.net\/es-ar\/#website","url":"https:\/\/peletizadoras.net\/es-ar\/","name":"Ecofricalia. Soluciones Integrales para la Producci\u00f3n de Pellet","description":"Plantas y L\u00edneas industriales de peletizaci\u00f3n y m\u00e1quinas de fabricaci\u00f3n de pellet","publisher":{"@id":"https:\/\/peletizadoras.net\/es-ar\/#organization"},"potentialAction":[{"@type":"SearchAction","target":{"@type":"EntryPoint","urlTemplate":"https:\/\/peletizadoras.net\/es-ar\/?s={search_term_string}"},"query-input":{"@type":"PropertyValueSpecification","valueRequired":true,"valueName":"search_term_string"}}],"inLanguage":"es-AR"},{"@type":"Organization","@id":"https:\/\/peletizadoras.net\/es-ar\/#organization","name":"Ecofricalia. Soluciones Integrales para la Producci\u00f3n de Pellet","url":"https:\/\/peletizadoras.net\/es-ar\/","logo":{"@type":"ImageObject","inLanguage":"es-AR","@id":"https:\/\/peletizadoras.net\/es-ar\/#\/schema\/logo\/image\/","url":"https:\/\/peletizadoras.net\/wp-content\/uploads\/2025\/05\/logo-ecofricalia-tapasweb.png","contentUrl":"https:\/\/peletizadoras.net\/wp-content\/uploads\/2025\/05\/logo-ecofricalia-tapasweb.png","width":881,"height":418,"caption":"Ecofricalia. Soluciones Integrales para la Producci\u00f3n de Pellet"},"image":{"@id":"https:\/\/peletizadoras.net\/es-ar\/#\/schema\/logo\/image\/"},"sameAs":["https:\/\/www.facebook.com\/EcofricaliaSostenible","https:\/\/x.com\/_ecofricalia","https:\/\/www.youtube.com\/channel\/UCCvdG5pWUGvH4G5wP8TXuPw","https:\/\/www.instagram.com\/ecofricalia_sostenible\/"]},{"@type":"Person","@id":"https:\/\/peletizadoras.net\/es-ar\/#\/schema\/person\/a120464a97b70f20e3b82c878f7af40c","name":"Ecofricalia","url":"https:\/\/peletizadoras.net\/es-ar\/author\/ecofricalia\/"}]}},"_links":{"self":[{"href":"https:\/\/peletizadoras.net\/es-ar\/wp-json\/wp\/v2\/posts\/102502","targetHints":{"allow":["GET"]}}],"collection":[{"href":"https:\/\/peletizadoras.net\/es-ar\/wp-json\/wp\/v2\/posts"}],"about":[{"href":"https:\/\/peletizadoras.net\/es-ar\/wp-json\/wp\/v2\/types\/post"}],"author":[{"embeddable":true,"href":"https:\/\/peletizadoras.net\/es-ar\/wp-json\/wp\/v2\/users\/2"}],"replies":[{"embeddable":true,"href":"https:\/\/peletizadoras.net\/es-ar\/wp-json\/wp\/v2\/comments?post=102502"}],"version-history":[{"count":1,"href":"https:\/\/peletizadoras.net\/es-ar\/wp-json\/wp\/v2\/posts\/102502\/revisions"}],"predecessor-version":[{"id":102503,"href":"https:\/\/peletizadoras.net\/es-ar\/wp-json\/wp\/v2\/posts\/102502\/revisions\/102503"}],"wp:featuredmedia":[{"embeddable":true,"href":"https:\/\/peletizadoras.net\/es-ar\/wp-json\/wp\/v2\/media\/102012"}],"wp:attachment":[{"href":"https:\/\/peletizadoras.net\/es-ar\/wp-json\/wp\/v2\/media?parent=102502"}],"wp:term":[{"taxonomy":"category","embeddable":true,"href":"https:\/\/peletizadoras.net\/es-ar\/wp-json\/wp\/v2\/categories?post=102502"},{"taxonomy":"post_tag","embeddable":true,"href":"https:\/\/peletizadoras.net\/es-ar\/wp-json\/wp\/v2\/tags?post=102502"}],"curies":[{"name":"wp","href":"https:\/\/api.w.org\/{rel}","templated":true}]}}