{"id":102520,"date":"2024-04-02T17:47:33","date_gmt":"2024-04-02T15:47:33","guid":{"rendered":"https:\/\/peletizadoras.net\/sin-categoria\/nueva-delegacion-comercial-en-portugal\/"},"modified":"2025-08-11T18:26:37","modified_gmt":"2025-08-11T16:26:37","slug":"nueva-delegacion-comercial-en-portugal","status":"publish","type":"post","link":"https:\/\/peletizadoras.net\/es-ar\/corporativas\/nueva-delegacion-comercial-en-portugal\/","title":{"rendered":"Nueva delegaci\u00f3n comercial en Portugal"},"content":{"rendered":"\n<p>Ecofricalia cuenta con una nueva delegaci\u00f3n comercial en Portugal. Gracias a esta expansi\u00f3n, Ecofricalia puede ofrecer un trato directo y cercano a clientes particulares y empresas portuguesas que tengan inter\u00e9s en gestionar sus residuos.<\/p>\n\n\n\n<p>La nueva delegaci\u00f3n portuguesa de Ecofricalia le asesorar\u00e1 sobre la forma m\u00e1s rentable de aprovechar los residuos gracias a nuestras peletizadoras y plantas de peletizaci\u00f3n, adem\u00e1s de tablas de precios, presupuestos gratuitos, etc.<\/p>\n\n\n\n<p>\u00bfQuiere saber m\u00e1s sobre nuestras peletizadoras y c\u00f3mo puede valorar sus residuos convirti\u00e9ndolos en pellets?<\/p>\n\n\n\n<p>Contacte con nuestro representante comercial en Portugal:<\/p>\n\n\n\n<p>Jorge Alfaia<\/p>\n\n\n\n<p>Sales Manager Portugal<br>_________________________<\/p>\n\n\n\n<p>\ud83d\udcde +351 918 664 938<br><a href=\"mailto:portugal@ecofricalia.com\">portugal@ecofricalia.com<\/a><\/p>\n","protected":false},"excerpt":{"rendered":"<p>Ecofricalia cuenta con una nueva delegaci\u00f3n comercial en Portugal. Gracias a esta expansi\u00f3n, Ecofricalia puede ofrecer un trato directo y cercano a clientes particulares y empresas portuguesas que tengan inter\u00e9s en gestionar sus residuos. La nueva delegaci\u00f3n portuguesa de Ecofricalia le asesorar\u00e1 sobre la forma m\u00e1s rentable de aprovechar los residuos gracias a nuestras peletizadoras [&hellip;]<\/p>\n","protected":false},"author":2,"featured_media":102037,"comment_status":"open","ping_status":"open","sticky":false,"template":"","format":"standard","meta":{"_et_pb_use_builder":"off","_et_pb_old_content":"","_et_gb_content_width":"","footnotes":""},"categories":[115],"tags":[],"class_list":["post-102520","post","type-post","status-publish","format-standard","has-post-thumbnail","hentry","category-corporativas"],"yoast_head":"<!-- This site is optimized with the Yoast SEO plugin v27.4 - https:\/\/yoast.com\/product\/yoast-seo-wordpress\/ -->\n<title>Nueva delegaci\u00f3n comercial en Portugal - Ecofricalia. Soluciones Integrales para la Producci\u00f3n de Pellet<\/title>\n<meta name=\"robots\" content=\"index, follow, max-snippet:-1, max-image-preview:large, max-video-preview:-1\" \/>\n<link rel=\"canonical\" href=\"https:\/\/peletizadoras.net\/es-ar\/corporativas\/nueva-delegacion-comercial-en-portugal\/\" \/>\n<meta property=\"og:locale\" content=\"es_ES\" \/>\n<meta property=\"og:type\" content=\"article\" \/>\n<meta property=\"og:title\" content=\"Nueva delegaci\u00f3n comercial en Portugal - Ecofricalia. Soluciones Integrales para la Producci\u00f3n de Pellet\" \/>\n<meta property=\"og:description\" content=\"Ecofricalia cuenta con una nueva delegaci\u00f3n comercial en Portugal. Gracias a esta expansi\u00f3n, Ecofricalia puede ofrecer un trato directo y cercano a clientes particulares y empresas portuguesas que tengan inter\u00e9s en gestionar sus residuos. La nueva delegaci\u00f3n portuguesa de Ecofricalia le asesorar\u00e1 sobre la forma m\u00e1s rentable de aprovechar los residuos gracias a nuestras peletizadoras [&hellip;]\" \/>\n<meta property=\"og:url\" content=\"https:\/\/peletizadoras.net\/es-ar\/corporativas\/nueva-delegacion-comercial-en-portugal\/\" \/>\n<meta property=\"og:site_name\" content=\"Ecofricalia. Soluciones Integrales para la Producci\u00f3n de Pellet\" \/>\n<meta property=\"article:publisher\" content=\"https:\/\/www.facebook.com\/EcofricaliaSostenible\" \/>\n<meta property=\"article:published_time\" content=\"2024-04-02T15:47:33+00:00\" \/>\n<meta property=\"article:modified_time\" content=\"2025-08-11T16:26:37+00:00\" \/>\n<meta property=\"og:image\" content=\"https:\/\/peletizadoras.net\/wp-content\/uploads\/2025\/04\/abr2024_blog.jpg\" \/>\n\t<meta property=\"og:image:width\" content=\"1170\" \/>\n\t<meta property=\"og:image:height\" content=\"452\" \/>\n\t<meta property=\"og:image:type\" content=\"image\/jpeg\" \/>\n<meta name=\"author\" content=\"Ecofricalia\" \/>\n<meta name=\"twitter:card\" content=\"summary_large_image\" \/>\n<meta name=\"twitter:creator\" content=\"@_ecofricalia\" \/>\n<meta name=\"twitter:site\" content=\"@_ecofricalia\" \/>\n<meta name=\"twitter:label1\" content=\"Escrito por\" \/>\n\t<meta name=\"twitter:data1\" content=\"Ecofricalia\" \/>\n\t<meta name=\"twitter:label2\" content=\"Tiempo de lectura\" \/>\n\t<meta name=\"twitter:data2\" content=\"1 minuto\" \/>\n<script type=\"application\/ld+json\" class=\"yoast-schema-graph\">{\"@context\":\"https:\\\/\\\/schema.org\",\"@graph\":[{\"@type\":\"Article\",\"@id\":\"https:\\\/\\\/peletizadoras.net\\\/es-ar\\\/corporativas\\\/nueva-delegacion-comercial-en-portugal\\\/#article\",\"isPartOf\":{\"@id\":\"https:\\\/\\\/peletizadoras.net\\\/es-ar\\\/corporativas\\\/nueva-delegacion-comercial-en-portugal\\\/\"},\"author\":{\"name\":\"Ecofricalia\",\"@id\":\"https:\\\/\\\/peletizadoras.net\\\/es-ar\\\/#\\\/schema\\\/person\\\/a120464a97b70f20e3b82c878f7af40c\"},\"headline\":\"Nueva delegaci\u00f3n comercial en Portugal\",\"datePublished\":\"2024-04-02T15:47:33+00:00\",\"dateModified\":\"2025-08-11T16:26:37+00:00\",\"mainEntityOfPage\":{\"@id\":\"https:\\\/\\\/peletizadoras.net\\\/es-ar\\\/corporativas\\\/nueva-delegacion-comercial-en-portugal\\\/\"},\"wordCount\":113,\"commentCount\":0,\"publisher\":{\"@id\":\"https:\\\/\\\/peletizadoras.net\\\/es-ar\\\/#organization\"},\"image\":{\"@id\":\"https:\\\/\\\/peletizadoras.net\\\/es-ar\\\/corporativas\\\/nueva-delegacion-comercial-en-portugal\\\/#primaryimage\"},\"thumbnailUrl\":\"https:\\\/\\\/peletizadoras.net\\\/wp-content\\\/uploads\\\/2025\\\/04\\\/abr2024_blog.jpg\",\"articleSection\":[\"CORPORATIVAS\"],\"inLanguage\":\"es-AR\",\"potentialAction\":[{\"@type\":\"CommentAction\",\"name\":\"Comment\",\"target\":[\"https:\\\/\\\/peletizadoras.net\\\/es-ar\\\/corporativas\\\/nueva-delegacion-comercial-en-portugal\\\/#respond\"]}]},{\"@type\":\"WebPage\",\"@id\":\"https:\\\/\\\/peletizadoras.net\\\/es-ar\\\/corporativas\\\/nueva-delegacion-comercial-en-portugal\\\/\",\"url\":\"https:\\\/\\\/peletizadoras.net\\\/es-ar\\\/corporativas\\\/nueva-delegacion-comercial-en-portugal\\\/\",\"name\":\"Nueva delegaci\u00f3n comercial en Portugal - Ecofricalia. Soluciones Integrales para la Producci\u00f3n de Pellet\",\"isPartOf\":{\"@id\":\"https:\\\/\\\/peletizadoras.net\\\/es-ar\\\/#website\"},\"primaryImageOfPage\":{\"@id\":\"https:\\\/\\\/peletizadoras.net\\\/es-ar\\\/corporativas\\\/nueva-delegacion-comercial-en-portugal\\\/#primaryimage\"},\"image\":{\"@id\":\"https:\\\/\\\/peletizadoras.net\\\/es-ar\\\/corporativas\\\/nueva-delegacion-comercial-en-portugal\\\/#primaryimage\"},\"thumbnailUrl\":\"https:\\\/\\\/peletizadoras.net\\\/wp-content\\\/uploads\\\/2025\\\/04\\\/abr2024_blog.jpg\",\"datePublished\":\"2024-04-02T15:47:33+00:00\",\"dateModified\":\"2025-08-11T16:26:37+00:00\",\"breadcrumb\":{\"@id\":\"https:\\\/\\\/peletizadoras.net\\\/es-ar\\\/corporativas\\\/nueva-delegacion-comercial-en-portugal\\\/#breadcrumb\"},\"inLanguage\":\"es-AR\",\"potentialAction\":[{\"@type\":\"ReadAction\",\"target\":[\"https:\\\/\\\/peletizadoras.net\\\/es-ar\\\/corporativas\\\/nueva-delegacion-comercial-en-portugal\\\/\"]}]},{\"@type\":\"ImageObject\",\"inLanguage\":\"es-AR\",\"@id\":\"https:\\\/\\\/peletizadoras.net\\\/es-ar\\\/corporativas\\\/nueva-delegacion-comercial-en-portugal\\\/#primaryimage\",\"url\":\"https:\\\/\\\/peletizadoras.net\\\/wp-content\\\/uploads\\\/2025\\\/04\\\/abr2024_blog.jpg\",\"contentUrl\":\"https:\\\/\\\/peletizadoras.net\\\/wp-content\\\/uploads\\\/2025\\\/04\\\/abr2024_blog.jpg\",\"width\":1170,\"height\":452},{\"@type\":\"BreadcrumbList\",\"@id\":\"https:\\\/\\\/peletizadoras.net\\\/es-ar\\\/corporativas\\\/nueva-delegacion-comercial-en-portugal\\\/#breadcrumb\",\"itemListElement\":[{\"@type\":\"ListItem\",\"position\":1,\"name\":\"Portada\",\"item\":\"https:\\\/\\\/peletizadoras.net\\\/es-ar\\\/pagina-de-inicio\\\/\"},{\"@type\":\"ListItem\",\"position\":2,\"name\":\"Nueva delegaci\u00f3n comercial en Portugal\"}]},{\"@type\":\"WebSite\",\"@id\":\"https:\\\/\\\/peletizadoras.net\\\/es-ar\\\/#website\",\"url\":\"https:\\\/\\\/peletizadoras.net\\\/es-ar\\\/\",\"name\":\"Ecofricalia. Soluciones Integrales para la Producci\u00f3n de Pellet\",\"description\":\"Plantas y L\u00edneas industriales de peletizaci\u00f3n y m\u00e1quinas de fabricaci\u00f3n de pellet\",\"publisher\":{\"@id\":\"https:\\\/\\\/peletizadoras.net\\\/es-ar\\\/#organization\"},\"potentialAction\":[{\"@type\":\"SearchAction\",\"target\":{\"@type\":\"EntryPoint\",\"urlTemplate\":\"https:\\\/\\\/peletizadoras.net\\\/es-ar\\\/?s={search_term_string}\"},\"query-input\":{\"@type\":\"PropertyValueSpecification\",\"valueRequired\":true,\"valueName\":\"search_term_string\"}}],\"inLanguage\":\"es-AR\"},{\"@type\":\"Organization\",\"@id\":\"https:\\\/\\\/peletizadoras.net\\\/es-ar\\\/#organization\",\"name\":\"Ecofricalia. Soluciones Integrales para la Producci\u00f3n de Pellet\",\"url\":\"https:\\\/\\\/peletizadoras.net\\\/es-ar\\\/\",\"logo\":{\"@type\":\"ImageObject\",\"inLanguage\":\"es-AR\",\"@id\":\"https:\\\/\\\/peletizadoras.net\\\/es-ar\\\/#\\\/schema\\\/logo\\\/image\\\/\",\"url\":\"https:\\\/\\\/peletizadoras.net\\\/wp-content\\\/uploads\\\/2025\\\/05\\\/logo-ecofricalia-tapasweb.png\",\"contentUrl\":\"https:\\\/\\\/peletizadoras.net\\\/wp-content\\\/uploads\\\/2025\\\/05\\\/logo-ecofricalia-tapasweb.png\",\"width\":881,\"height\":418,\"caption\":\"Ecofricalia. Soluciones Integrales para la Producci\u00f3n de Pellet\"},\"image\":{\"@id\":\"https:\\\/\\\/peletizadoras.net\\\/es-ar\\\/#\\\/schema\\\/logo\\\/image\\\/\"},\"sameAs\":[\"https:\\\/\\\/www.facebook.com\\\/EcofricaliaSostenible\",\"https:\\\/\\\/x.com\\\/_ecofricalia\",\"https:\\\/\\\/www.youtube.com\\\/channel\\\/UCCvdG5pWUGvH4G5wP8TXuPw\",\"https:\\\/\\\/www.instagram.com\\\/ecofricalia_sostenible\\\/\"]},{\"@type\":\"Person\",\"@id\":\"https:\\\/\\\/peletizadoras.net\\\/es-ar\\\/#\\\/schema\\\/person\\\/a120464a97b70f20e3b82c878f7af40c\",\"name\":\"Ecofricalia\",\"url\":\"https:\\\/\\\/peletizadoras.net\\\/es-ar\\\/author\\\/ecofricalia\\\/\"}]}<\/script>\n<!-- \/ Yoast SEO plugin. -->","yoast_head_json":{"title":"Nueva delegaci\u00f3n comercial en Portugal - Ecofricalia. Soluciones Integrales para la Producci\u00f3n de Pellet","robots":{"index":"index","follow":"follow","max-snippet":"max-snippet:-1","max-image-preview":"max-image-preview:large","max-video-preview":"max-video-preview:-1"},"canonical":"https:\/\/peletizadoras.net\/es-ar\/corporativas\/nueva-delegacion-comercial-en-portugal\/","og_locale":"es_ES","og_type":"article","og_title":"Nueva delegaci\u00f3n comercial en Portugal - Ecofricalia. Soluciones Integrales para la Producci\u00f3n de Pellet","og_description":"Ecofricalia cuenta con una nueva delegaci\u00f3n comercial en Portugal. Gracias a esta expansi\u00f3n, Ecofricalia puede ofrecer un trato directo y cercano a clientes particulares y empresas portuguesas que tengan inter\u00e9s en gestionar sus residuos. La nueva delegaci\u00f3n portuguesa de Ecofricalia le asesorar\u00e1 sobre la forma m\u00e1s rentable de aprovechar los residuos gracias a nuestras peletizadoras [&hellip;]","og_url":"https:\/\/peletizadoras.net\/es-ar\/corporativas\/nueva-delegacion-comercial-en-portugal\/","og_site_name":"Ecofricalia. Soluciones Integrales para la Producci\u00f3n de Pellet","article_publisher":"https:\/\/www.facebook.com\/EcofricaliaSostenible","article_published_time":"2024-04-02T15:47:33+00:00","article_modified_time":"2025-08-11T16:26:37+00:00","og_image":[{"width":1170,"height":452,"url":"https:\/\/peletizadoras.net\/wp-content\/uploads\/2025\/04\/abr2024_blog.jpg","type":"image\/jpeg"}],"author":"Ecofricalia","twitter_card":"summary_large_image","twitter_creator":"@_ecofricalia","twitter_site":"@_ecofricalia","twitter_misc":{"Escrito por":"Ecofricalia","Tiempo de lectura":"1 minuto"},"schema":{"@context":"https:\/\/schema.org","@graph":[{"@type":"Article","@id":"https:\/\/peletizadoras.net\/es-ar\/corporativas\/nueva-delegacion-comercial-en-portugal\/#article","isPartOf":{"@id":"https:\/\/peletizadoras.net\/es-ar\/corporativas\/nueva-delegacion-comercial-en-portugal\/"},"author":{"name":"Ecofricalia","@id":"https:\/\/peletizadoras.net\/es-ar\/#\/schema\/person\/a120464a97b70f20e3b82c878f7af40c"},"headline":"Nueva delegaci\u00f3n comercial en Portugal","datePublished":"2024-04-02T15:47:33+00:00","dateModified":"2025-08-11T16:26:37+00:00","mainEntityOfPage":{"@id":"https:\/\/peletizadoras.net\/es-ar\/corporativas\/nueva-delegacion-comercial-en-portugal\/"},"wordCount":113,"commentCount":0,"publisher":{"@id":"https:\/\/peletizadoras.net\/es-ar\/#organization"},"image":{"@id":"https:\/\/peletizadoras.net\/es-ar\/corporativas\/nueva-delegacion-comercial-en-portugal\/#primaryimage"},"thumbnailUrl":"https:\/\/peletizadoras.net\/wp-content\/uploads\/2025\/04\/abr2024_blog.jpg","articleSection":["CORPORATIVAS"],"inLanguage":"es-AR","potentialAction":[{"@type":"CommentAction","name":"Comment","target":["https:\/\/peletizadoras.net\/es-ar\/corporativas\/nueva-delegacion-comercial-en-portugal\/#respond"]}]},{"@type":"WebPage","@id":"https:\/\/peletizadoras.net\/es-ar\/corporativas\/nueva-delegacion-comercial-en-portugal\/","url":"https:\/\/peletizadoras.net\/es-ar\/corporativas\/nueva-delegacion-comercial-en-portugal\/","name":"Nueva delegaci\u00f3n comercial en Portugal - Ecofricalia. Soluciones Integrales para la Producci\u00f3n de Pellet","isPartOf":{"@id":"https:\/\/peletizadoras.net\/es-ar\/#website"},"primaryImageOfPage":{"@id":"https:\/\/peletizadoras.net\/es-ar\/corporativas\/nueva-delegacion-comercial-en-portugal\/#primaryimage"},"image":{"@id":"https:\/\/peletizadoras.net\/es-ar\/corporativas\/nueva-delegacion-comercial-en-portugal\/#primaryimage"},"thumbnailUrl":"https:\/\/peletizadoras.net\/wp-content\/uploads\/2025\/04\/abr2024_blog.jpg","datePublished":"2024-04-02T15:47:33+00:00","dateModified":"2025-08-11T16:26:37+00:00","breadcrumb":{"@id":"https:\/\/peletizadoras.net\/es-ar\/corporativas\/nueva-delegacion-comercial-en-portugal\/#breadcrumb"},"inLanguage":"es-AR","potentialAction":[{"@type":"ReadAction","target":["https:\/\/peletizadoras.net\/es-ar\/corporativas\/nueva-delegacion-comercial-en-portugal\/"]}]},{"@type":"ImageObject","inLanguage":"es-AR","@id":"https:\/\/peletizadoras.net\/es-ar\/corporativas\/nueva-delegacion-comercial-en-portugal\/#primaryimage","url":"https:\/\/peletizadoras.net\/wp-content\/uploads\/2025\/04\/abr2024_blog.jpg","contentUrl":"https:\/\/peletizadoras.net\/wp-content\/uploads\/2025\/04\/abr2024_blog.jpg","width":1170,"height":452},{"@type":"BreadcrumbList","@id":"https:\/\/peletizadoras.net\/es-ar\/corporativas\/nueva-delegacion-comercial-en-portugal\/#breadcrumb","itemListElement":[{"@type":"ListItem","position":1,"name":"Portada","item":"https:\/\/peletizadoras.net\/es-ar\/pagina-de-inicio\/"},{"@type":"ListItem","position":2,"name":"Nueva delegaci\u00f3n comercial en Portugal"}]},{"@type":"WebSite","@id":"https:\/\/peletizadoras.net\/es-ar\/#website","url":"https:\/\/peletizadoras.net\/es-ar\/","name":"Ecofricalia. Soluciones Integrales para la Producci\u00f3n de Pellet","description":"Plantas y L\u00edneas industriales de peletizaci\u00f3n y m\u00e1quinas de fabricaci\u00f3n de pellet","publisher":{"@id":"https:\/\/peletizadoras.net\/es-ar\/#organization"},"potentialAction":[{"@type":"SearchAction","target":{"@type":"EntryPoint","urlTemplate":"https:\/\/peletizadoras.net\/es-ar\/?s={search_term_string}"},"query-input":{"@type":"PropertyValueSpecification","valueRequired":true,"valueName":"search_term_string"}}],"inLanguage":"es-AR"},{"@type":"Organization","@id":"https:\/\/peletizadoras.net\/es-ar\/#organization","name":"Ecofricalia. Soluciones Integrales para la Producci\u00f3n de Pellet","url":"https:\/\/peletizadoras.net\/es-ar\/","logo":{"@type":"ImageObject","inLanguage":"es-AR","@id":"https:\/\/peletizadoras.net\/es-ar\/#\/schema\/logo\/image\/","url":"https:\/\/peletizadoras.net\/wp-content\/uploads\/2025\/05\/logo-ecofricalia-tapasweb.png","contentUrl":"https:\/\/peletizadoras.net\/wp-content\/uploads\/2025\/05\/logo-ecofricalia-tapasweb.png","width":881,"height":418,"caption":"Ecofricalia. Soluciones Integrales para la Producci\u00f3n de Pellet"},"image":{"@id":"https:\/\/peletizadoras.net\/es-ar\/#\/schema\/logo\/image\/"},"sameAs":["https:\/\/www.facebook.com\/EcofricaliaSostenible","https:\/\/x.com\/_ecofricalia","https:\/\/www.youtube.com\/channel\/UCCvdG5pWUGvH4G5wP8TXuPw","https:\/\/www.instagram.com\/ecofricalia_sostenible\/"]},{"@type":"Person","@id":"https:\/\/peletizadoras.net\/es-ar\/#\/schema\/person\/a120464a97b70f20e3b82c878f7af40c","name":"Ecofricalia","url":"https:\/\/peletizadoras.net\/es-ar\/author\/ecofricalia\/"}]}},"_links":{"self":[{"href":"https:\/\/peletizadoras.net\/es-ar\/wp-json\/wp\/v2\/posts\/102520","targetHints":{"allow":["GET"]}}],"collection":[{"href":"https:\/\/peletizadoras.net\/es-ar\/wp-json\/wp\/v2\/posts"}],"about":[{"href":"https:\/\/peletizadoras.net\/es-ar\/wp-json\/wp\/v2\/types\/post"}],"author":[{"embeddable":true,"href":"https:\/\/peletizadoras.net\/es-ar\/wp-json\/wp\/v2\/users\/2"}],"replies":[{"embeddable":true,"href":"https:\/\/peletizadoras.net\/es-ar\/wp-json\/wp\/v2\/comments?post=102520"}],"version-history":[{"count":1,"href":"https:\/\/peletizadoras.net\/es-ar\/wp-json\/wp\/v2\/posts\/102520\/revisions"}],"predecessor-version":[{"id":102521,"href":"https:\/\/peletizadoras.net\/es-ar\/wp-json\/wp\/v2\/posts\/102520\/revisions\/102521"}],"wp:featuredmedia":[{"embeddable":true,"href":"https:\/\/peletizadoras.net\/es-ar\/wp-json\/wp\/v2\/media\/102037"}],"wp:attachment":[{"href":"https:\/\/peletizadoras.net\/es-ar\/wp-json\/wp\/v2\/media?parent=102520"}],"wp:term":[{"taxonomy":"category","embeddable":true,"href":"https:\/\/peletizadoras.net\/es-ar\/wp-json\/wp\/v2\/categories?post=102520"},{"taxonomy":"post_tag","embeddable":true,"href":"https:\/\/peletizadoras.net\/es-ar\/wp-json\/wp\/v2\/tags?post=102520"}],"curies":[{"name":"wp","href":"https:\/\/api.w.org\/{rel}","templated":true}]}}